{"id":2608,"date":"2017-02-26T17:29:24","date_gmt":"2017-02-26T17:29:24","guid":{"rendered":"http:\/\/www.fraumuetze-germering.de\/?p=2608"},"modified":"2017-04-01T07:48:42","modified_gmt":"2017-04-01T07:48:42","slug":"fair-trade-produkte-im-frau-muetze-cafe","status":"publish","type":"post","link":"https:\/\/www.fraumuetze-germering.de\/fair-trade-produkte-im-frau-muetze-cafe\/","title":{"rendered":"Fair-Trade-Produkte im Frau M\u00fctZe-Caf\u00e9"},"content":{"rendered":"<p>Im Frau M\u00fctZe-Caf\u00e9 gibt es seit November 2016\u00a0fair gehandelten Kaffee und Tee aus dem Weltoffenladen an der Otto-Wagner-Stra\u00dfe in Germering. Diese Produkte kommen bei den Besucherinnen und Besuchern des Caf\u00e9s sehr gut an, auch die Auswahl verschiedener Teesorten. Die Gesch\u00e4ftsf\u00fchrerinnen des Weltoffenladens Michaela Radykewicz und Linda Zeck konnten sich davon am Nachmittag des 22. Februar bei einer Einladung durch die Vorstandsfrauen des Frau M\u00fctZe \u00fcberzeugen. Das Frauen- und M\u00fctterzentrum geh\u00f6rt damit zu den Vereinen, Gesch\u00e4ften und Institutionen, die dazu beitragen, dass Germering als Fair-Trade-Stadt ausgezeichnet wurde.<\/p>\n<p><a href=\"http:\/\/www.fraumuetze-germering.de\/wp-content\/uploads\/2017\/03\/P1030357.jpeg\" rel=\"attachment wp-att-2635\"><img loading=\"lazy\" decoding=\"async\" class=\"alignnone size-medium wp-image-2635\" src=\"http:\/\/www.fraumuetze-germering.de\/wp-content\/uploads\/2017\/03\/P1030357-300x201.jpeg\" alt=\"P1030357\" width=\"300\" height=\"201\" srcset=\"https:\/\/www.fraumuetze-germering.de\/wp-content\/uploads\/2017\/03\/P1030357-300x201.jpeg 300w, https:\/\/www.fraumuetze-germering.de\/wp-content\/uploads\/2017\/03\/P1030357-768x514.jpeg 768w, https:\/\/www.fraumuetze-germering.de\/wp-content\/uploads\/2017\/03\/P1030357-1024x685.jpeg 1024w, https:\/\/www.fraumuetze-germering.de\/wp-content\/uploads\/2017\/03\/P1030357.jpeg 1280w\" sizes=\"auto, (max-width: 300px) 100vw, 300px\" \/><\/a><\/p>\n<p><a href=\"http:\/\/www.fraumuetze-germering.de\/wp-content\/uploads\/2017\/02\/fetch-UID-.jpg\" rel=\"attachment wp-att-2621\"><img loading=\"lazy\" decoding=\"async\" class=\"alignnone size-medium wp-image-2621\" src=\"http:\/\/www.fraumuetze-germering.de\/wp-content\/uploads\/2017\/02\/fetch-UID--300x201.jpg\" alt=\"fetch-UID-\" width=\"300\" height=\"201\" srcset=\"https:\/\/www.fraumuetze-germering.de\/wp-content\/uploads\/2017\/02\/fetch-UID--300x201.jpg 300w, https:\/\/www.fraumuetze-germering.de\/wp-content\/uploads\/2017\/02\/fetch-UID--768x514.jpg 768w, https:\/\/www.fraumuetze-germering.de\/wp-content\/uploads\/2017\/02\/fetch-UID--1024x685.jpg 1024w, https:\/\/www.fraumuetze-germering.de\/wp-content\/uploads\/2017\/02\/fetch-UID-.jpg 1280w\" sizes=\"auto, (max-width: 300px) 100vw, 300px\" \/><\/a><\/p>\n<p>Auf dem Foto abgebildet von links nach rechts:<\/p>\n<p>Michaela Radykewicz<br \/>\nLinda Zeck<br \/>\nMargret Schaber<br \/>\nSwantje Schmidt<br \/>\nIsolde Kirchner-Wei\u00df<br \/>\nEva Richter<\/p>\n","protected":false},"excerpt":{"rendered":"<p>Im Frau M\u00fctZe-Caf\u00e9 gibt es seit November 2016\u00a0fair gehandelten Kaffee und Tee aus dem Weltoffenladen an der Otto-Wagner-Stra\u00dfe in Germering. Diese Produkte kommen bei den Besucherinnen und Besuchern des Caf\u00e9s sehr gut an, auch die Auswahl verschiedener Teesorten. Die Gesch\u00e4ftsf\u00fchrerinnen des Weltoffenladens Michaela Radykewicz und Linda Zeck konnten sich davon am Nachmittag des 22. Februar&#8230;<\/p>\n","protected":false},"author":1,"featured_media":0,"comment_status":"closed","ping_status":"open","sticky":false,"template":"","format":"standard","meta":{"_kadence_starter_templates_imported_post":false,"_kad_post_transparent":"","_kad_post_title":"","_kad_post_layout":"","_kad_post_sidebar_id":"","_kad_post_content_style":"","_kad_post_vertical_padding":"","_kad_post_feature":"","_kad_post_feature_position":"","_kad_post_header":false,"_kad_post_footer":false,"_kad_post_classname":"","footnotes":""},"categories":[1],"tags":[],"class_list":["post-2608","post","type-post","status-publish","format-standard","hentry","category-fraumuetze"],"_links":{"self":[{"href":"https:\/\/www.fraumuetze-germering.de\/wp-json\/wp\/v2\/posts\/2608","targetHints":{"allow":["GET"]}}],"collection":[{"href":"https:\/\/www.fraumuetze-germering.de\/wp-json\/wp\/v2\/posts"}],"about":[{"href":"https:\/\/www.fraumuetze-germering.de\/wp-json\/wp\/v2\/types\/post"}],"author":[{"embeddable":true,"href":"https:\/\/www.fraumuetze-germering.de\/wp-json\/wp\/v2\/users\/1"}],"replies":[{"embeddable":true,"href":"https:\/\/www.fraumuetze-germering.de\/wp-json\/wp\/v2\/comments?post=2608"}],"version-history":[{"count":9,"href":"https:\/\/www.fraumuetze-germering.de\/wp-json\/wp\/v2\/posts\/2608\/revisions"}],"predecessor-version":[{"id":2667,"href":"https:\/\/www.fraumuetze-germering.de\/wp-json\/wp\/v2\/posts\/2608\/revisions\/2667"}],"wp:attachment":[{"href":"https:\/\/www.fraumuetze-germering.de\/wp-json\/wp\/v2\/media?parent=2608"}],"wp:term":[{"taxonomy":"category","embeddable":true,"href":"https:\/\/www.fraumuetze-germering.de\/wp-json\/wp\/v2\/categories?post=2608"},{"taxonomy":"post_tag","embeddable":true,"href":"https:\/\/www.fraumuetze-germering.de\/wp-json\/wp\/v2\/tags?post=2608"}],"curies":[{"name":"wp","href":"https:\/\/api.w.org\/{rel}","templated":true}]}}