{"id":12852,"date":"2025-04-29T19:51:35","date_gmt":"2025-04-29T19:51:35","guid":{"rendered":"https:\/\/www.fraumuetze-germering.de\/?p=12852"},"modified":"2025-10-09T09:59:58","modified_gmt":"2025-10-09T09:59:58","slug":"infovormittag-der-arbeitsagentur-und-des-jobcenters-zum-beruflichen-wiedereinstieg","status":"publish","type":"post","link":"https:\/\/www.fraumuetze-germering.de\/infovormittag-der-arbeitsagentur-und-des-jobcenters-zum-beruflichen-wiedereinstieg\/","title":{"rendered":"Infovormittag der Arbeitsagentur und des Jobcenters zum beruflichen Wiedereinstieg"},"content":{"rendered":"<p>Am 29. April 2025 Uhr fand auf Einladung des \u201eB\u00fcndnis f\u00fcr Familie\u201c im Frauen- und M\u00fctterzentrum Germering ein Infovormittag zur beruflichen Zukunft nach der Familienzeit statt. Frau Susanne Gamperl (Beauftragte f\u00fcr Chancengleichheit am Arbeitsmarkt der Agentur f\u00fcr Arbeit F\u00fcrstenfeldbruck) und Frau Petra Pauli (Beauftragte f\u00fcr Chancengleichheit am Arbeitsmarkt des Jobcenters) pr\u00e4sentierten 18 Besucher*innen die Angebote der Agentur f\u00fcr Arbeit und des Jobcenters und beantworten deren Fragen. Themen waren: M\u00f6chte ich an meine bisherige berufliche T\u00e4tigkeit ankn\u00fcpfen oder sollte ich mich umorientieren? K\u00e4me eine neue Ausbildung, eventuell in Teilzeit oder online in Frage? Wie und wo bewerbe ich mich richtig? Welche Fehler gilt es zu vermeiden?<\/p>\n","protected":false},"excerpt":{"rendered":"<p>Am 29. April 2025 Uhr fand auf Einladung des \u201eB\u00fcndnis f\u00fcr Familie\u201c im Frauen- und M\u00fctterzentrum Germering ein Infovormittag zur beruflichen Zukunft nach der Familienzeit statt. Frau Susanne Gamperl (Beauftragte f\u00fcr Chancengleichheit am Arbeitsmarkt der Agentur f\u00fcr Arbeit F\u00fcrstenfeldbruck) und Frau Petra Pauli (Beauftragte f\u00fcr Chancengleichheit am Arbeitsmarkt des Jobcenters) pr\u00e4sentierten 18 Besucher*innen die Angebote&#8230;<\/p>\n","protected":false},"author":5,"featured_media":0,"comment_status":"closed","ping_status":"open","sticky":false,"template":"","format":"standard","meta":{"_kadence_starter_templates_imported_post":false,"_kad_post_transparent":"","_kad_post_title":"","_kad_post_layout":"","_kad_post_sidebar_id":"","_kad_post_content_style":"","_kad_post_vertical_padding":"","_kad_post_feature":"","_kad_post_feature_position":"","_kad_post_header":false,"_kad_post_footer":false,"_kad_post_classname":"","footnotes":""},"categories":[64,1],"tags":[],"class_list":["post-12852","post","type-post","status-publish","format-standard","hentry","category-buendnis","category-fraumuetze"],"_links":{"self":[{"href":"https:\/\/www.fraumuetze-germering.de\/wp-json\/wp\/v2\/posts\/12852","targetHints":{"allow":["GET"]}}],"collection":[{"href":"https:\/\/www.fraumuetze-germering.de\/wp-json\/wp\/v2\/posts"}],"about":[{"href":"https:\/\/www.fraumuetze-germering.de\/wp-json\/wp\/v2\/types\/post"}],"author":[{"embeddable":true,"href":"https:\/\/www.fraumuetze-germering.de\/wp-json\/wp\/v2\/users\/5"}],"replies":[{"embeddable":true,"href":"https:\/\/www.fraumuetze-germering.de\/wp-json\/wp\/v2\/comments?post=12852"}],"version-history":[{"count":2,"href":"https:\/\/www.fraumuetze-germering.de\/wp-json\/wp\/v2\/posts\/12852\/revisions"}],"predecessor-version":[{"id":13237,"href":"https:\/\/www.fraumuetze-germering.de\/wp-json\/wp\/v2\/posts\/12852\/revisions\/13237"}],"wp:attachment":[{"href":"https:\/\/www.fraumuetze-germering.de\/wp-json\/wp\/v2\/media?parent=12852"}],"wp:term":[{"taxonomy":"category","embeddable":true,"href":"https:\/\/www.fraumuetze-germering.de\/wp-json\/wp\/v2\/categories?post=12852"},{"taxonomy":"post_tag","embeddable":true,"href":"https:\/\/www.fraumuetze-germering.de\/wp-json\/wp\/v2\/tags?post=12852"}],"curies":[{"name":"wp","href":"https:\/\/api.w.org\/{rel}","templated":true}]}}